{"id":27,"date":"2021-11-07T09:52:20","date_gmt":"2021-11-07T09:52:20","guid":{"rendered":"https:\/\/uj.aranykor.hu\/idosek-otthona\/?p=27"},"modified":"2024-09-26T06:09:00","modified_gmt":"2024-09-26T06:09:00","slug":"bemutatkozas","status":"publish","type":"post","link":"https:\/\/aranykor.hu\/idosek-otthona\/bemutatkozas\/","title":{"rendered":"Bemutatkoz\u00e1s"},"content":{"rendered":"\n<p class=\"has-text-align-center\"><em><strong>&#8222;A kezet csak megfogni szabad, <\/strong><\/em><br><em><strong>elereszteni v\u00e9tek, <\/strong><\/em><br><em><strong>ell\u00f6kni \u00e1tok,<br>egym\u00e1sba simul\u00f3 kezek<\/strong><\/em><br><em><strong> tartj\u00e1k \u00f6ssze<\/strong><\/em><br><em><strong> az eget \u00e9s a vil\u00e1got!&#8221;<\/strong><\/em><br>(Alf\u00f6ldi G\u00e9za)<\/p>\n\n\n\n<div style=\"height:100px\" aria-hidden=\"true\" class=\"wp-block-spacer\"><\/div>\n\n\n\n<h2 class=\"has-large-font-size wp-block-heading\" id=\"koszontjuk-az-aranykor-idosek-otthona-honlapjan\">K\u00f6sz\u00f6ntj\u00fck az Aranykor Id\u0151skor\u00faak Otthona honlapj\u00e1n!<\/h2>\n\n\n\n<div style=\"height:50px\" aria-hidden=\"true\" class=\"wp-block-spacer\"><\/div>\n\n\n\n<p class=\"has-text-align-left has-normal-font-size\"><kbd>     <\/kbd>Alf\u00f6ldi G\u00e1za vers\u00e9nek szellem\u00e9ben hoztuk l\u00e9tre 1998-ben az Aranykor Id\u0151sek Otthon\u00e1t, amely fest\u0151i k\u00f6rnyezetben a Kecskem\u00e9t melletti Ball\u00f3sz\u00f6g\u00f6n helyezkedik el, \u00e9s ami Magyarorsz\u00e1gon szinte egyed\u00fcl\u00e1ll\u00f3an magas sz\u00ednvonalat \u00e9s k\u00e9nyelmet biztos\u00edt lak\u00f3i sz\u00e1m\u00e1ra. Hivat\u00e1sunknak tekintj\u00fck, hogy az Otthonban \u00e9l\u0151 vagy csak bizonyos id\u0151t elt\u00f6lt\u0151 id\u0151skor\u00fa emberek r\u00e9sz\u00e9re min\u00e9l sz\u00e9lesebb k\u00f6r\u0171 \u00e9s tapintatos gondoskod\u00e1st &#8211; sz\u00fcks\u00e9g eset\u00e9n szakszer\u0171 \u00e1pol\u00e1st &#8211; ny\u00fajtsunk. Int\u00e9zm\u00e9ny\u00fcnk kiemelten fontosnak tartja a hozz\u00e1nk fordul\u00f3 \u00e9s r\u00e1szorul\u00f3 id\u0151sek szoci\u00e1lis-eg\u00e9szs\u00e9g\u00fcgyi- \u00e9s ment\u00e1lis t\u00e1mogat\u00e1s\u00e1t, \u00e9s lak\u00f3ink \u00e9letkor\u00e1nak \u00e9s eg\u00e9szs\u00e9gi \u00e1llapot\u00e1nak megfelel\u0151, magas sz\u00ednvonal\u00fa, csal\u00e1dias \u00e9letk\u00f6r\u00fclm\u00e9nyek megteremt\u00e9s\u00e9t. A 150 f\u00e9r\u0151helyes Id\u0151sek Otthon\u00e1t \u00e9s k\u00f6rnyezet\u00e9t \u00fagy alak\u00edtottuk ki, hogy lak\u00f3ink marad\u00e9ktalanul \u00e9lvezhetik a term\u00e9szetb\u0151l \u00e1rad\u00f3 nyugalmat, a gondoskod\u00e1sb\u00f3l fakad\u00f3 k\u00e9nyelmet \u00e9s szem\u00e9lyes biztons\u00e1got, valamint a t\u00e1rsas\u00e1gi \u00e9letet.<\/p>\n\n\n\n<div style=\"height:80px\" aria-hidden=\"true\" class=\"wp-block-spacer\"><\/div>\n\n\n\n<h2 class=\"has-text-align-left wp-block-heading\" id=\"apartmanjaink\" style=\"font-size:30px\">Apartmanjaink<\/h2>\n\n\n\n<div style=\"height:35px\" aria-hidden=\"true\" class=\"wp-block-spacer\"><\/div>\n\n\n\n<p>Az Otthonba k\u00f6lt\u00f6z\u0151k t\u00f6bb, k\u00fcl\u00f6nb\u00f6z\u0151 m\u00e9ret\u0171 \u00e9s t\u00edpus\u00fa apartman k\u00f6z\u00fcl v\u00e1laszthatnak legyen sz\u00f3 egy\u00e9ni, vagy ak\u00e1r t\u00e1rsas elhelyez\u00e9sr\u0151l. Az apartmanok alapfelszerel\u00e9s\u00e9hez tartozik a k\u00f6zponti TV csatlakoz\u00f3 \u00e9s a n\u0151v\u00e9rh\u00edv\u00e1sra is alkalmas telefonk\u00e9sz\u00fcl\u00e9k. <br>Az apartmanok lak\u00f3szob\u00e1i lamin\u00e1lt padl\u00f3val, a f\u00fcrd\u0151szoba cs\u00fasz\u00e1smentes hidegburkolattal ell\u00e1tott. Az Otthon minden helyis\u00e9ge, \u00edgy az apartmanok is teljes m\u00e9rt\u00e9kben akad\u00e1lymentes\u00edtettek.<\/p>\n\n\n\n<p>Minden bek\u00f6lt\u00f6z\u0151nek lehet\u0151s\u00e9ge van, hogy v\u00e1lasztott apartmanj\u00e1t saj\u00e1t, kedves, megszokott b\u00fatoraival rendezze be.<\/p>\n\n\n\n<div class=\"wp-block-buttons is-horizontal is-content-justification-center is-layout-flex wp-container-core-buttons-is-layout-499968f5 wp-block-buttons-is-layout-flex\"><\/div>\n\n\n\n<div style=\"height:60px\" aria-hidden=\"true\" class=\"wp-block-spacer\"><\/div>\n\n\n\n<div class=\"wp-block-buttons is-horizontal is-content-justification-center is-layout-flex wp-container-core-buttons-is-layout-499968f5 wp-block-buttons-is-layout-flex\">\n<div class=\"wp-block-button is-style-outline is-style-outline--1\"><a class=\"wp-block-button__link\" href=\"https:\/\/aranykor.hu\/idosek-otthona\/apartmanok\/\" rel=\"\">K\u00e9pek megtekint\u00e9se <\/a><\/div>\n<\/div>\n\n\n\n<div style=\"height:80px\" aria-hidden=\"true\" class=\"wp-block-spacer\"><\/div>\n\n\n\n<h2 class=\"has-text-align-left wp-block-heading\" id=\"apolasi-reszleg\" style=\"font-size:30px\">\u00c1pol\u00e1si r\u00e9szleg<\/h2>\n\n\n\n<div style=\"height:35px\" aria-hidden=\"true\" class=\"wp-block-spacer\"><\/div>\n\n\n\n<p>Az intenz\u00edv \u00e1pol\u00e1sra, illetve k\u00fcl\u00f6nleges ell\u00e1t\u00e1sra szorul\u00f3 lak\u00f3inkat akik fizikai vagy pszich\u00e9s \u00e1llapotuk miatt nem k\u00e9pesek \u00f6n\u00e1ll\u00f3 \u00e9letvitelre \u00e9s napi teend\u0151ikben folyamatos seg\u00edts\u00e9gre, emelt szint\u0171 \u00e1pol\u00e1sra szorulnak, speci\u00e1lis r\u00e9szleg\u00fcnkben tudjuk szakszer\u0171en ell\u00e1tni. C\u00e9lunk, hogy seg\u00edts\u00e9get ny\u00fajtsunk a hozz\u00e1tartoz\u00f3knak, csal\u00e1dtagoknak abban a neh\u00e9z \u00e9lethelyzetben, amely akkor ad\u00f3dik, ha egy szeretett hozz\u00e1tartoz\u00f3nk \u00e1pol\u00e1sra szorul \u00e9s int\u00e9zm\u00e9nyi elhelyez\u00e9s\u00e9r\u0151l kell d\u00f6nt\u00e9st hoznunk.  2012-\u00f3ta int\u00e9zm\u00e9ny\u00fcnk Eg\u00e9szs\u00e9g\u00fcgyi m\u0171k\u00f6d\u00e9si enged\u00e9llyel is rendelkezik, amely azt jelenti, hogy szak\u00e1pol\u00e1si feladatokat is el tudunk l\u00e1tni (pl. inf\u00fazi\u00f3 bek\u00f6t\u00e9se, v\u00e9rv\u00e9tel, szond\u00e1s t\u00e1pl\u00e1l\u00e1s stb.).<br>A fizikai \u00e1llapot szinten tart\u00e1sa, jav\u00edt\u00e1sa \u00e9rdek\u00e9ben gy\u00f3gytorn\u00e1sz napi rendszeress\u00e9ggel tart egy\u00e9ni, szem\u00e9lyre szabott gy\u00f3gytorna foglalkoz\u00e1st \u00e9s az \u00e1gyban fekv\u0151 betegek eset\u00e9ben mobiliz\u00e1l\u00e1st. <\/p>\n\n\n\n<div style=\"height:25px\" aria-hidden=\"true\" class=\"wp-block-spacer\"><\/div>\n\n\n\n<p class=\"has-text-align-left\">Az \u00e1pol\u00e1si r\u00e9szleg\u00fcnk\u00f6n az alapell\u00e1t\u00e1son fel\u00fcl biztos\u00edtott szolg\u00e1ltat\u00e1sok:<\/p>\n\n\n\n<div style=\"height:20px\" aria-hidden=\"true\" class=\"wp-block-spacer\"><\/div>\n\n\n\n<ul class=\"wp-block-list\"><li>biztons\u00e1gosan kialak\u00edtott k\u00f6rnyezet, szoba berendez\u00e9s<\/li><li>fokozott \u00e9s folyamatos 24 \u00f3r\u00e1s szakk\u00e9pzett \u00e1pol\u00f3i \u00e9s gondoz\u00f3i fel\u00fcgyelet<\/li><li>teljes k\u00f6r\u0171, szem\u00e9lyre szabott \u00e1pol\u00e1s, gondoz\u00e1s, testi higi\u00e9n\u00e9 biztos\u00edt\u00e1sa<\/li><li>naponta szinten tart\u00f3 egy\u00e9ni \u00e9s csoportos ment\u00e1lhigi\u00e9n\u00e9s foglalkoz\u00e1sok<\/li><li>egy\u00e9ni mozg\u00e1ster\u00e1pi\u00e1s fejleszt\u00e9s<\/li><li>speci\u00e1lis di\u00e9t\u00e1k biztos\u00edt\u00e1sa<\/li><li>rendszeres pszichi\u00e1ter orvosi fel\u00fclvizsg\u00e1lat<\/li><\/ul>\n\n\n\n<div style=\"height:38px\" aria-hidden=\"true\" class=\"wp-block-spacer\"><\/div>\n\n\n\n<div style=\"height:60px\" aria-hidden=\"true\" class=\"wp-block-spacer\"><\/div>\n\n\n\n<h2 class=\"has-text-align-center wp-block-heading\" style=\"font-size:30px\"> Az id\u0151sek otthon\u00e1r\u00f3l <\/h2>\n\n\n\n<div style=\"height:60px\" aria-hidden=\"true\" class=\"wp-block-spacer\"><\/div>\n\n\n\n<p> Az Aranykor Id\u0151sek Otthon\u00e1hoz tartoz\u00f3 \u00e9p\u00fcletegy\u00fcttes felszerelts\u00e9ge \u00e9s k\u00f6rnyezete Magyarorsz\u00e1gon egyed\u00fcl\u00e1ll\u00f3. A f\u0151v\u00e1rost\u00f3l 90 km \u2013re, Kecskem\u00e9t melletti z\u00f6ld\u00f6vezetben tal\u00e1lhat\u00f3 az egyedi \u00e9s kifejezetten id\u0151skor\u00faaknak tervezett \u00e9p\u00fcletkomplexum, k\u00e9t szint plusz tet\u0151teres be\u00e9p\u00edt\u00e9s\u0171, liftes, 90 apartmant, k\u00f6nyvt\u00e1rat, t\u00e1rsalg\u00f3t, b\u00e1rt, k\u00f6z\u00f6ss\u00e9gi \u00e9s kultur\u00e1lis c\u00e9lokat szolg\u00e1l\u00f3 termeket, valamint kiszolg\u00e1l\u00f3 helyis\u00e9geket tartalmaz. <\/p>\n\n\n\n<p> Mindezt egy kiv\u00e1l\u00f3 szak\u00e9rtelemmel gondozott 5 hekt\u00e1ros park veszi k\u00f6r\u00fcl, ahol a n\u00f6v\u00e9nyvil\u00e1g soksz\u00edn\u0171s\u00e9ge mellett t\u00f6bb t\u00f3, mesters\u00e9ges patakok, v\u00edzcsobog\u00f3k, kerti t\u00e1rsalg\u00f3k, sportol\u00e1sra alkalmas ter\u00fcletek n\u00f6velik a z\u00f6ld\u00f6vezeti hat\u00e1st. <\/p>\n\n\n\n<div style=\"height:60px\" aria-hidden=\"true\" class=\"wp-block-spacer\"><\/div>\n\n\n\n<div class=\"wp-block-buttons is-horizontal is-content-justification-center is-layout-flex wp-container-core-buttons-is-layout-499968f5 wp-block-buttons-is-layout-flex\">\n<div class=\"wp-block-button is-style-outline is-style-outline--2\"><a class=\"wp-block-button__link\" href=\"https:\/\/aranykor.hu\/idosek-otthona\/category\/galeriak\/\" rel=\"\">Gal\u00e9ria megtekint\u00e9se<\/a><\/div>\n<\/div>\n\n\n\n<div class=\"wp-block-columns is-layout-flex wp-container-core-columns-is-layout-9d6595d7 wp-block-columns-is-layout-flex\">\n<div class=\"wp-block-column is-layout-flow wp-block-column-is-layout-flow\"><\/div>\n<\/div>\n\n\n\n<div style=\"height:22px\" aria-hidden=\"true\" class=\"wp-block-spacer\"><\/div>\n\n\n\n<div style=\"height:25px\" aria-hidden=\"true\" class=\"wp-block-spacer\"><\/div>\n\n\n\n<div class=\"wp-block-group\"><div class=\"wp-block-group__inner-container is-layout-flow wp-block-group-is-layout-flow\"><\/div><\/div>\n","protected":false},"excerpt":{"rendered":"<p>Vestibulum massa sapien, porttitor a commodo in, lacinia<br \/>\nid risus.  Maecenas ligula leo, tincidunt  posuere  velit ut,<br \/>\ntincidunt interdum massa.  LDSAdas\u00e1dla<\/p>\n","protected":false},"author":1,"featured_media":133,"comment_status":"open","ping_status":"open","sticky":false,"template":"","format":"standard","meta":{"footnotes":""},"categories":[1],"tags":[],"class_list":["post-27","post","type-post","status-publish","format-standard","has-post-thumbnail","hentry","category-egyeb"],"_links":{"self":[{"href":"https:\/\/aranykor.hu\/idosek-otthona\/wp-json\/wp\/v2\/posts\/27","targetHints":{"allow":["GET"]}}],"collection":[{"href":"https:\/\/aranykor.hu\/idosek-otthona\/wp-json\/wp\/v2\/posts"}],"about":[{"href":"https:\/\/aranykor.hu\/idosek-otthona\/wp-json\/wp\/v2\/types\/post"}],"author":[{"embeddable":true,"href":"https:\/\/aranykor.hu\/idosek-otthona\/wp-json\/wp\/v2\/users\/1"}],"replies":[{"embeddable":true,"href":"https:\/\/aranykor.hu\/idosek-otthona\/wp-json\/wp\/v2\/comments?post=27"}],"version-history":[{"count":153,"href":"https:\/\/aranykor.hu\/idosek-otthona\/wp-json\/wp\/v2\/posts\/27\/revisions"}],"predecessor-version":[{"id":2081,"href":"https:\/\/aranykor.hu\/idosek-otthona\/wp-json\/wp\/v2\/posts\/27\/revisions\/2081"}],"wp:featuredmedia":[{"embeddable":true,"href":"https:\/\/aranykor.hu\/idosek-otthona\/wp-json\/wp\/v2\/media\/133"}],"wp:attachment":[{"href":"https:\/\/aranykor.hu\/idosek-otthona\/wp-json\/wp\/v2\/media?parent=27"}],"wp:term":[{"taxonomy":"category","embeddable":true,"href":"https:\/\/aranykor.hu\/idosek-otthona\/wp-json\/wp\/v2\/categories?post=27"},{"taxonomy":"post_tag","embeddable":true,"href":"https:\/\/aranykor.hu\/idosek-otthona\/wp-json\/wp\/v2\/tags?post=27"}],"curies":[{"name":"wp","href":"https:\/\/api.w.org\/{rel}","templated":true}]}}