{"id":286,"date":"2022-01-10T15:15:53","date_gmt":"2022-01-10T15:15:53","guid":{"rendered":"https:\/\/uj.aranykor.hu\/idosek-otthona\/?p=286"},"modified":"2026-01-05T10:10:50","modified_gmt":"2026-01-05T10:10:50","slug":"arak","status":"publish","type":"post","link":"https:\/\/aranykor.hu\/idosek-otthona\/arak\/","title":{"rendered":"\u00c1rak"},"content":{"rendered":"\n<h2 class=\"wp-block-heading has-text-align-center has-large-font-size\"><strong>A t\u00e9r\u00edt\u00e9si d\u00edj<\/strong> <strong>\u00f6sszege<\/strong><\/h2>\n\n\n\n<div style=\"height:40px\" aria-hidden=\"true\" class=\"wp-block-spacer\"><\/div>\n\n\n\n<p class=\"has-text-align-center has-medium-font-size\">2025.12.31.- t\u0151l a k\u00f6vetkez\u0151 m\u00f3dos\u00edt\u00e1sig \u00e9rv\u00e9nyben l\u00e9v\u0151\u00a0<strong>int\u00e9zm\u00e9nyi t\u00e9r\u00edt\u00e9si d\u00edj \u2013 15.000,- Ft\/nap.<\/strong><\/p>\n\n\n\n<div style=\"height:10px\" aria-hidden=\"true\" class=\"wp-block-spacer\"><\/div>\n\n\n\n<p class=\"has-text-align-center has-small-font-size\">Az int\u00e9zm\u00e9nyi \u00e9s szem\u00e9lyi t\u00e9r\u00edt\u00e9si d\u00edj meg\u00e1llap\u00edt\u00e1sa a mindenkor hat\u00e1lyos t\u00f6rv\u00e9nyi rendelkez\u00e9sek alapj\u00e1n t\u00f6rt\u00e9nik.<br><\/p>\n\n\n\n<div style=\"height:60px\" aria-hidden=\"true\" class=\"wp-block-spacer\"><\/div>\n\n\n\n<h2 class=\"wp-block-heading has-text-align-center\"><strong>A t\u00e9r\u00edt\u00e9si d\u00edj ellen\u00e9ben ny\u00fajtott szolg\u00e1ltat\u00e1sok<\/strong>:<\/h2>\n\n\n\n<div style=\"height:15px\" aria-hidden=\"true\" class=\"wp-block-spacer\"><\/div>\n\n\n\n<p class=\"has-text-align-center has-small-font-size\">(Az Alap\u00edtv\u00e1ny v\u00e1llalja, hogy a jogviszony keret\u00e9ben az al\u00e1bbi szolg\u00e1ltat\u00e1sokat ny\u00fajtja a napi t\u00e9r\u00edt\u00e9si d\u00edj ellen\u00e9ben.)<br><\/p>\n\n\n\n<div style=\"height:60px\" aria-hidden=\"true\" class=\"wp-block-spacer\"><\/div>\n\n\n\n<h2 class=\"wp-block-heading has-text-align-center has-medium-font-size\" style=\"font-style:normal;font-weight:300\"><strong>Teljesk\u00f6r\u0171 ell\u00e1t\u00e1s keret\u00e9ben<\/strong><\/h2>\n\n\n\n<div style=\"height:35px\" aria-hidden=\"true\" class=\"wp-block-spacer\"><\/div>\n\n\n\n<p class=\"has-text-align-left\">&#8211; napi \u00f6tsz\u00f6ri \u00e9tkez\u00e9st (meleg eb\u00e9ddel), di\u00e9t\u00e1s ell\u00e1t\u00e1st orvosi javaslattal<br>&#8211; sz\u00fcks\u00e9g szerinti ruh\u00e1zatot, text\u00edli\u00e1t,<br>&#8211; az Ell\u00e1tott ruh\u00e1inak, text\u00edli\u00e1inak mos\u00e1s\u00e1t, tiszt\u00edt\u00e1s\u00e1t, vasal\u00e1s\u00e1t, a szoba \u00e9s a k\u00f6z\u00f6s haszn\u00e1lat\u00fa helyis\u00e9gek takar\u00edt\u00e1s\u00e1t,<br>&#8211; lakhat\u00e1st, f\u0171t\u00e9st, vil\u00e1g\u00edt\u00e1st,<br>&#8211; k\u00f6z\u00f6ss\u00e9gi terek haszn\u00e1lat\u00e1t,<br>&#8211; vezet\u00e9kes telefonhaszn\u00e1latot,<br>&#8211; \u00e9rt\u00e9kmeg\u0151rz\u00e9st,<br>&#8211; az \u00e9p\u00fclet, k\u00f6z\u00f6ss\u00e9gi terek \u00e9s szob\u00e1k rendszeres karbantart\u00e1s\u00e1t, a kert \u00e9s udvar gondoz\u00e1s\u00e1t,<br>&#8211; hetente k\u00e9tszer ingyenes utaztat\u00e1st az Alap\u00edtv\u00e1ny k\u00f6zleked\u00e9si eszk\u00f6z\u00e9vel Kecskem\u00e9tre.<\/p>\n\n\n\n<div style=\"height:50px\" aria-hidden=\"true\" class=\"wp-block-spacer\"><\/div>\n\n\n\n<h2 class=\"wp-block-heading has-text-align-center has-medium-font-size\" style=\"font-style:normal;font-weight:300\"><strong>A ter\u00e1pi\u00e1s ell\u00e1t\u00e1s keret\u00e9n bel\u00fcl<\/strong><\/h2>\n\n\n\n<div style=\"height:35px\" aria-hidden=\"true\" class=\"wp-block-spacer\"><\/div>\n\n\n\n<p>&#8211; szem\u00e9lyre szabott b\u00e1n\u00e1sm\u00f3dot,<br>&#8211; a konfliktushelyzetek kialakul\u00e1s\u00e1nak megel\u0151z\u00e9se \u00e9rdek\u00e9ben az egy\u00e9ni vagy csoportos megbesz\u00e9l\u00e9st,<br>&#8211; a szabadid\u0151 kultur\u00e1lt elt\u00f6lt\u00e9s\u00e9nek felt\u00e9teleit,<br>&#8211; sz\u00fcks\u00e9g szerinti pszichoter\u00e1pi\u00e1s foglalkoztat\u00e1st,<br>&#8211; az Ell\u00e1tottak csal\u00e1di \u00e9s t\u00e1rsadalmi kapcsolatai fenntart\u00e1s\u00e1nak felt\u00e9teleit,<br>&#8211; gondoz\u00e1si tervek megval\u00f3s\u00edt\u00e1s\u00e1t,<br>&#8211; hit\u00e9let gyakorl\u00e1s\u00e1nak felt\u00e9teleit, lelki gondoz\u00e1st,<br>&#8211; t\u00e1mogatja az int\u00e9zm\u00e9nyen bel\u00fcli kis k\u00f6z\u00f6ss\u00e9gek, t\u00e1rsas kapcsolatok kialakul\u00e1s\u00e1t \u00e9s m\u0171k\u00f6d\u00e9s\u00e9t,<br>&#8211; mozg\u00e1ster\u00e1pi\u00e1s \u00e9s rehabilit\u00e1ci\u00f3s ell\u00e1t\u00e1st szakk\u00e9pzett gy\u00f3gytorn\u00e1szokkal.<\/p>\n\n\n\n<div style=\"height:50px\" aria-hidden=\"true\" class=\"wp-block-spacer\"><\/div>\n\n\n\n<h2 class=\"wp-block-heading has-text-align-center has-medium-font-size\"><strong>Az eg\u00e9szs\u00e9g\u00fcgyi ell\u00e1t\u00e1s keret\u00e9n bel\u00fcl<\/strong><\/h2>\n\n\n\n<div style=\"height:35px\" aria-hidden=\"true\" class=\"wp-block-spacer\"><\/div>\n\n\n\n<p>&#8211; 24 \u00f3r\u00e1s n\u0151v\u00e9ri fel\u00fcgyeletet,<br>&#8211; sz\u00fcks\u00e9g \u00e9s \u00e1llapot szerinti \u00e1pol\u00e1st, gondoz\u00e1st,<br>&#8211; rendszeres orvosi fel\u00fcgyeletet,<br>&#8211; az eg\u00e9szs\u00e9gmeg\u0151rz\u00e9st szolg\u00e1l\u00f3 felvil\u00e1gos\u00edt\u00e1st,<br>&#8211; szakorvosi ell\u00e1t\u00e1shoz \u00e9s k\u00f3rh\u00e1zi kezel\u00e9shez val\u00f3 hozz\u00e1jut\u00e1st,<br>&#8211; betegsz\u00e1ll\u00edt\u00e1st vagy a betegsz\u00e1ll\u00edt\u00e1s megszervez\u00e9s\u00e9t,<br>&#8211; az int\u00e9zm\u00e9nyi alaplist\u00e1n szerepl\u0151 gy\u00f3gyszerek k\u00f6lts\u00e9g\u00e9t \u00e9s a gy\u00f3gyszerek beszerz\u00e9s\u00e9t,<br>&#8211; az inkontinencia term\u00e9kek beszerz\u00e9s\u00e9t,<br>&#8211; gy\u00f3gy\u00e1szati seg\u00e9deszk\u00f6z\u00f6k biztos\u00edt\u00e1s\u00e1t.<\/p>\n","protected":false},"excerpt":{"rendered":"<p>A t\u00e9r\u00edt\u00e9si d\u00edj \u00f6sszege 2025.12.31.- t\u0151l a k\u00f6vetkez\u0151 m\u00f3dos\u00edt\u00e1sig \u00e9rv\u00e9nyben l\u00e9v\u0151\u00a0int\u00e9zm\u00e9nyi t\u00e9r\u00edt\u00e9si d\u00edj \u2013 15.000,- Ft\/nap. Az int\u00e9zm\u00e9nyi \u00e9s szem\u00e9lyi t\u00e9r\u00edt\u00e9si d\u00edj meg\u00e1llap\u00edt\u00e1sa a mindenkor hat\u00e1lyos t\u00f6rv\u00e9nyi rendelkez\u00e9sek alapj\u00e1n t\u00f6rt\u00e9nik. A t\u00e9r\u00edt\u00e9si d\u00edj ellen\u00e9ben ny\u00fajtott szolg\u00e1ltat\u00e1sok: (Az Alap\u00edtv\u00e1ny v\u00e1llalja, hogy a jogviszony keret\u00e9ben az al\u00e1bbi szolg\u00e1ltat\u00e1sokat ny\u00fajtja a napi t\u00e9r\u00edt\u00e9si d\u00edj ellen\u00e9ben.) Teljesk\u00f6r\u0171 ell\u00e1t\u00e1s keret\u00e9ben [&hellip;]<\/p>\n","protected":false},"author":1,"featured_media":133,"comment_status":"open","ping_status":"open","sticky":false,"template":"","format":"standard","meta":{"footnotes":""},"categories":[1],"tags":[],"class_list":["post-286","post","type-post","status-publish","format-standard","has-post-thumbnail","hentry","category-egyeb"],"_links":{"self":[{"href":"https:\/\/aranykor.hu\/idosek-otthona\/wp-json\/wp\/v2\/posts\/286","targetHints":{"allow":["GET"]}}],"collection":[{"href":"https:\/\/aranykor.hu\/idosek-otthona\/wp-json\/wp\/v2\/posts"}],"about":[{"href":"https:\/\/aranykor.hu\/idosek-otthona\/wp-json\/wp\/v2\/types\/post"}],"author":[{"embeddable":true,"href":"https:\/\/aranykor.hu\/idosek-otthona\/wp-json\/wp\/v2\/users\/1"}],"replies":[{"embeddable":true,"href":"https:\/\/aranykor.hu\/idosek-otthona\/wp-json\/wp\/v2\/comments?post=286"}],"version-history":[{"count":41,"href":"https:\/\/aranykor.hu\/idosek-otthona\/wp-json\/wp\/v2\/posts\/286\/revisions"}],"predecessor-version":[{"id":2157,"href":"https:\/\/aranykor.hu\/idosek-otthona\/wp-json\/wp\/v2\/posts\/286\/revisions\/2157"}],"wp:featuredmedia":[{"embeddable":true,"href":"https:\/\/aranykor.hu\/idosek-otthona\/wp-json\/wp\/v2\/media\/133"}],"wp:attachment":[{"href":"https:\/\/aranykor.hu\/idosek-otthona\/wp-json\/wp\/v2\/media?parent=286"}],"wp:term":[{"taxonomy":"category","embeddable":true,"href":"https:\/\/aranykor.hu\/idosek-otthona\/wp-json\/wp\/v2\/categories?post=286"},{"taxonomy":"post_tag","embeddable":true,"href":"https:\/\/aranykor.hu\/idosek-otthona\/wp-json\/wp\/v2\/tags?post=286"}],"curies":[{"name":"wp","href":"https:\/\/api.w.org\/{rel}","templated":true}]}}