{"id":79,"date":"2021-11-14T10:18:24","date_gmt":"2021-11-14T10:18:24","guid":{"rendered":"https:\/\/uj.aranykor.hu\/idosek-otthona\/?p=79"},"modified":"2024-03-12T10:29:54","modified_gmt":"2024-03-12T10:29:54","slug":"konyvtar","status":"publish","type":"post","link":"https:\/\/aranykor.hu\/idosek-otthona\/konyvtar\/","title":{"rendered":"K\u00f6nyvt\u00e1r"},"content":{"rendered":"\n<h2 class=\"has-text-align-center wp-block-heading\">&#8222;<strong>A kult\u00fara szerelmeseinek<\/strong>.&#8221;<\/h2>\n\n\n\n<div style=\"height:65px\" aria-hidden=\"true\" class=\"wp-block-spacer\"><\/div>\n\n\n\n<p class=\"has-text-align-left\">Int\u00e9zm\u00e9ny\u00fcnk k\u00e9nyelmesen berendezett k\u00f6nyvt\u00e1r\u00e1ban b\u00e1tran v\u00e1logathatnak az irodalomkedvel\u0151k, \u00e9pp\u00fagy, mint az alkalmi olvas\u00f3k.<\/p>\n\n\n\n<div style=\"height:20px\" aria-hidden=\"true\" class=\"wp-block-spacer\"><\/div>\n\n\n\n<p class=\"has-text-align-left\">A ter\u00e1pi\u00e1s munkat\u00e1rsak kapcsolatban \u00e1llnak a kecskem\u00e9ti Katona J\u00f3zsef Megyei K\u00f6nyvt\u00e1rral, \u00edgy egyedi, k\u00fcl\u00f6nleges k\u00e9r\u00e9seket is sz\u00edvesen teljes\u00edtenek.<\/p>\n\n\n\n<div style=\"height:36px\" aria-hidden=\"true\" class=\"wp-block-spacer\"><\/div>\n\n\n\n<p>K\u00f6nyvt\u00e1runk egy imasarokkal is kib\u0151v\u00fclt, ahol a vall\u00e1st gyakorl\u00f3 lak\u00f3ink az Istentiszteleteken t\u00fal, elvonulhatnak \u00e9s csendes, nyugodt k\u00f6r\u00fclm\u00e9nyek k\u00f6z\u00f6tt im\u00e1dkozhatnak b\u00e1rmikor.<\/p>\n\n\n\n<div style=\"height:65px\" aria-hidden=\"true\" class=\"wp-block-spacer\"><\/div>\n\n\n\n<figure class=\"wp-block-gallery aligncenter has-nested-images columns-default is-cropped wp-block-gallery-1 is-layout-flex wp-block-gallery-is-layout-flex\">\n<figure class=\"wp-block-image size-full\"><img loading=\"lazy\" decoding=\"async\" width=\"555\" height=\"740\" data-id=\"80\" src=\"https:\/\/uj.aranykor.hu\/idosek-otthona\/wp-content\/uploads\/2021\/11\/knyvtr-1_1_555.jpg\" alt=\"\" class=\"wp-image-80\" srcset=\"https:\/\/aranykor.hu\/idosek-otthona\/wp-content\/uploads\/2021\/11\/knyvtr-1_1_555.jpg 555w, https:\/\/aranykor.hu\/idosek-otthona\/wp-content\/uploads\/2021\/11\/knyvtr-1_1_555-225x300.jpg 225w\" sizes=\"auto, (max-width: 555px) 100vw, 555px\" \/><\/figure>\n\n\n\n<figure class=\"wp-block-image size-full\"><img loading=\"lazy\" decoding=\"async\" width=\"768\" height=\"1024\" data-id=\"1962\" src=\"https:\/\/aranykor.hu\/idosek-otthona\/wp-content\/uploads\/2024\/03\/423944169_304425498923745_7296329835696972579_n-768x1024.jpg\" alt=\"\" class=\"wp-image-1962\" srcset=\"https:\/\/aranykor.hu\/idosek-otthona\/wp-content\/uploads\/2024\/03\/423944169_304425498923745_7296329835696972579_n-768x1024.jpg 768w, https:\/\/aranykor.hu\/idosek-otthona\/wp-content\/uploads\/2024\/03\/423944169_304425498923745_7296329835696972579_n-225x300.jpg 225w, https:\/\/aranykor.hu\/idosek-otthona\/wp-content\/uploads\/2024\/03\/423944169_304425498923745_7296329835696972579_n-1152x1536.jpg 1152w, https:\/\/aranykor.hu\/idosek-otthona\/wp-content\/uploads\/2024\/03\/423944169_304425498923745_7296329835696972579_n-30x40.jpg 30w, https:\/\/aranykor.hu\/idosek-otthona\/wp-content\/uploads\/2024\/03\/423944169_304425498923745_7296329835696972579_n-41x55.jpg 41w, https:\/\/aranykor.hu\/idosek-otthona\/wp-content\/uploads\/2024\/03\/423944169_304425498923745_7296329835696972579_n-75x100.jpg 75w, https:\/\/aranykor.hu\/idosek-otthona\/wp-content\/uploads\/2024\/03\/423944169_304425498923745_7296329835696972579_n.jpg 1536w\" sizes=\"auto, (max-width: 768px) 100vw, 768px\" \/><\/figure>\n<\/figure>\n","protected":false},"excerpt":{"rendered":"<p>&#8222;A kult\u00fara szerelmeseinek.&#8221; Int\u00e9zm\u00e9ny\u00fcnk k\u00e9nyelmesen berendezett k\u00f6nyvt\u00e1r\u00e1ban b\u00e1tran v\u00e1logathatnak az irodalomkedvel\u0151k, \u00e9pp\u00fagy, mint az alkalmi olvas\u00f3k. A ter\u00e1pi\u00e1s munkat\u00e1rsak kapcsolatban \u00e1llnak a kecskem\u00e9ti Katona J\u00f3zsef Megyei K\u00f6nyvt\u00e1rral, \u00edgy egyedi, k\u00fcl\u00f6nleges k\u00e9r\u00e9seket is sz\u00edvesen teljes\u00edtenek. K\u00f6nyvt\u00e1runk egy imasarokkal is kib\u0151v\u00fclt, ahol a vall\u00e1st gyakorl\u00f3 lak\u00f3ink az Istentiszteleteken t\u00fal, elvonulhatnak \u00e9s csendes, nyugodt k\u00f6r\u00fclm\u00e9nyek k\u00f6z\u00f6tt im\u00e1dkozhatnak b\u00e1rmikor.<\/p>\n","protected":false},"author":1,"featured_media":133,"comment_status":"open","ping_status":"open","sticky":false,"template":"","format":"standard","meta":{"footnotes":""},"categories":[6],"tags":[],"class_list":["post-79","post","type-post","status-publish","format-standard","has-post-thumbnail","hentry","category-szolgaltatasok"],"_links":{"self":[{"href":"https:\/\/aranykor.hu\/idosek-otthona\/wp-json\/wp\/v2\/posts\/79","targetHints":{"allow":["GET"]}}],"collection":[{"href":"https:\/\/aranykor.hu\/idosek-otthona\/wp-json\/wp\/v2\/posts"}],"about":[{"href":"https:\/\/aranykor.hu\/idosek-otthona\/wp-json\/wp\/v2\/types\/post"}],"author":[{"embeddable":true,"href":"https:\/\/aranykor.hu\/idosek-otthona\/wp-json\/wp\/v2\/users\/1"}],"replies":[{"embeddable":true,"href":"https:\/\/aranykor.hu\/idosek-otthona\/wp-json\/wp\/v2\/comments?post=79"}],"version-history":[{"count":14,"href":"https:\/\/aranykor.hu\/idosek-otthona\/wp-json\/wp\/v2\/posts\/79\/revisions"}],"predecessor-version":[{"id":1965,"href":"https:\/\/aranykor.hu\/idosek-otthona\/wp-json\/wp\/v2\/posts\/79\/revisions\/1965"}],"wp:featuredmedia":[{"embeddable":true,"href":"https:\/\/aranykor.hu\/idosek-otthona\/wp-json\/wp\/v2\/media\/133"}],"wp:attachment":[{"href":"https:\/\/aranykor.hu\/idosek-otthona\/wp-json\/wp\/v2\/media?parent=79"}],"wp:term":[{"taxonomy":"category","embeddable":true,"href":"https:\/\/aranykor.hu\/idosek-otthona\/wp-json\/wp\/v2\/categories?post=79"},{"taxonomy":"post_tag","embeddable":true,"href":"https:\/\/aranykor.hu\/idosek-otthona\/wp-json\/wp\/v2\/tags?post=79"}],"curies":[{"name":"wp","href":"https:\/\/api.w.org\/{rel}","templated":true}]}}