{"id":688,"date":"2024-12-04T10:19:50","date_gmt":"2024-12-04T10:19:50","guid":{"rendered":"https:\/\/aranykor.hu\/wellness\/?p=688"},"modified":"2024-12-04T10:20:46","modified_gmt":"2024-12-04T10:20:46","slug":"kedves-vendegeink-2","status":"publish","type":"post","link":"https:\/\/aranykor.hu\/wellness\/kedves-vendegeink-2\/","title":{"rendered":"Kedves Vend\u00e9geink!"},"content":{"rendered":"\n<p>A Mikul\u00e1s messzi t\u00e1jakr\u00f3l \u00e9rkezik f\u00fcrd\u0151nkben \u00e9s izgalmas meglepet\u00e9seket tartogat a zs\u00e1kja. <\/p>\n\n\n\n<div style=\"height:9px\" aria-hidden=\"true\" class=\"wp-block-spacer\"><\/div>\n\n\n\n<p>Szauna fel\u00f6nt\u00e9seinkhez z\u00f6lds\u00e9g-gy\u00fcm\u00f6lcs k\u00edn\u00e1l\u00f3 t\u00e1lc\u00e1val, m\u00e9regtelen\u00edt\u0151 te\u00e1val k\u00e9sz\u00fcl, \u00e9s elhozza szombatra az \u00e9v utols\u00f3 naturista szauna estj\u00e9t is! <\/p>\n\n\n\n<div style=\"height:9px\" aria-hidden=\"true\" class=\"wp-block-spacer\"><\/div>\n\n\n\n<ul class=\"wp-block-list\">\n<li>P\u00e9ntek (December 6.)<\/li>\n<\/ul>\n\n\n\n<div style=\"height:9px\" aria-hidden=\"true\" class=\"wp-block-spacer\"><\/div>\n\n\n\n<p>Szaunamester: Sz\u00edv\u00f3s L\u00e1szl\u00f3<\/p>\n\n\n\n<p>20.00 &#8211; Dem\u00f3na <\/p>\n\n\n\n<p>21.00 &#8211; H\u00f3 a sub\u00e1ja <\/p>\n\n\n\n<p>22.00 &#8211; Flintstones <\/p>\n\n\n\n<p>23.00 &#8211; Relax program<\/p>\n\n\n\n<div style=\"height:9px\" aria-hidden=\"true\" class=\"wp-block-spacer\"><\/div>\n\n\n\n<ul class=\"wp-block-list\">\n<li> Szombat (December 7.)<\/li>\n<\/ul>\n\n\n\n<p>Szaunamesterek: \u00c9vi, Gy\u00f6ngyi, Pisti<\/p>\n\n\n\n<p>15.00 &#8211; S\u00f3s<\/p>\n\n\n\n<p>16.00 &#8211; S\u00f6r\u00f6s-Jeges<\/p>\n\n\n\n<p>17.00 &#8211; M\u00e9zes <\/p>\n\n\n\n<p>18.00 &#8211; Csoki a g\u0151zben <\/p>\n\n\n\n<div style=\"height:9px\" aria-hidden=\"true\" class=\"wp-block-spacer\"><\/div>\n\n\n\n<ul class=\"wp-block-list\">\n<li>Vas\u00e1rnap (December 8.)<\/li>\n<\/ul>\n\n\n\n<p>Szaunamester: Vica<\/p>\n\n\n\n<p>15.00 &#8211; Lappf\u00f6ldi kalandoz\u00e1s<\/p>\n\n\n\n<p>16.00 &#8211; Barnacukor kardamommal<\/p>\n\n\n\n<p>17.00 &#8211; Piros alma m\u00e9zzel <\/p>\n\n\n\n<p>18.00 &#8211; J\u00e9gvar\u00e1zs <\/p>\n\n\n\n<div style=\"height:8px\" aria-hidden=\"true\" class=\"wp-block-spacer\"><\/div>\n\n\n\n<p>A megoszt\u00e1sokat el\u0151re is k\u00f6sz\u00f6nj\u00fck! <\/p>\n\n\n\n<p>\u00dcdv\u00f6zlettel,<\/p>\n\n\n\n<p>Aranykor Wellness \u00e9s Term\u00e1lf\u00fcrd\u0151 Csapata<\/p>\n\n\n\n<p><a href=\"https:\/\/www.facebook.com\/photo\/?fbid=1110198031113630&amp;set=a.472291061571000&amp;__cft__[0]=AZUsBpPAImUmE8YqWkQIrAOIEGlZpooG_VQdWtSo03T_V5QYUMfZpkgqiD7s1cAa-NCqDEY51-DGGlZZdu3Gu0hF0qoAymVc0yOxhd7eqesJ9IdTyAoKS8r5-xGM2AJaqxMrIt3FBd2xoKcxZKR3aFe0xKDr6sv2pEpv1L-ku0tcm74l8HcWf7d10iSuYc2oPZ4&amp;__tn__=EH-R\"><\/a><\/p>\n\n\n\n<figure class=\"wp-block-image\"><a href=\"https:\/\/www.facebook.com\/photo\/?fbid=1110198031113630&amp;set=a.472291061571000&amp;__cft__[0]=AZUsBpPAImUmE8YqWkQIrAOIEGlZpooG_VQdWtSo03T_V5QYUMfZpkgqiD7s1cAa-NCqDEY51-DGGlZZdu3Gu0hF0qoAymVc0yOxhd7eqesJ9IdTyAoKS8r5-xGM2AJaqxMrIt3FBd2xoKcxZKR3aFe0xKDr6sv2pEpv1L-ku0tcm74l8HcWf7d10iSuYc2oPZ4&amp;__tn__=EH-R\"><img decoding=\"async\" src=\"https:\/\/scontent-vie1-1.xx.fbcdn.net\/v\/t39.30808-6\/469178124_1110198034446963_7122817151224469331_n.jpg?stp=dst-jpg_s600x600&amp;_nc_cat=111&amp;ccb=1-7&amp;_nc_sid=833d8c&amp;_nc_ohc=HspO785pf6QQ7kNvgHRhGpN&amp;_nc_zt=23&amp;_nc_ht=scontent-vie1-1.xx&amp;_nc_gid=AsHhnqiWhkjsmWgySzffcOq&amp;oh=00_AYCJE_qLOZA--W4aGRBwAG-tqZPsMu8MSqJfb2jJQllWcw&amp;oe=6755F0A8\" alt=\"Lehet, hogy egy k\u00e9p err\u0151l: sz\u00f6veg\"\/><\/a><\/figure>\n","protected":false},"excerpt":{"rendered":"<p>A Mikul\u00e1s messzi t\u00e1jakr\u00f3l \u00e9rkezik f\u00fcrd\u0151nkben \u00e9s izgalmas meglepet\u00e9seket tartogat a zs\u00e1kja. Szauna fel\u00f6nt\u00e9seinkhez z\u00f6lds\u00e9g-gy\u00fcm\u00f6lcs k\u00edn\u00e1l\u00f3 t\u00e1lc\u00e1val, m\u00e9regtelen\u00edt\u0151 te\u00e1val k\u00e9sz\u00fcl, \u00e9s elhozza szombatra az \u00e9v utols\u00f3 naturista szauna estj\u00e9t is! Szaunamester: Sz\u00edv\u00f3s L\u00e1szl\u00f3 20.00 &#8211; Dem\u00f3na 21.00 &#8211; H\u00f3 a sub\u00e1ja 22.00 &#8211; Flintstones 23.00 &#8211; Relax program Szaunamesterek: \u00c9vi, Gy\u00f6ngyi, Pisti 15.00 &#8211; S\u00f3s [&hellip;]<\/p>\n","protected":false},"author":2,"featured_media":690,"comment_status":"open","ping_status":"open","sticky":false,"template":"","format":"standard","meta":{"footnotes":""},"categories":[1,3,5],"tags":[],"class_list":["post-688","post","type-post","status-publish","format-standard","has-post-thumbnail","hentry","category-egyeb","category-hirek","category-aktualitasok"],"acf":[],"_links":{"self":[{"href":"https:\/\/aranykor.hu\/wellness\/wp-json\/wp\/v2\/posts\/688","targetHints":{"allow":["GET"]}}],"collection":[{"href":"https:\/\/aranykor.hu\/wellness\/wp-json\/wp\/v2\/posts"}],"about":[{"href":"https:\/\/aranykor.hu\/wellness\/wp-json\/wp\/v2\/types\/post"}],"author":[{"embeddable":true,"href":"https:\/\/aranykor.hu\/wellness\/wp-json\/wp\/v2\/users\/2"}],"replies":[{"embeddable":true,"href":"https:\/\/aranykor.hu\/wellness\/wp-json\/wp\/v2\/comments?post=688"}],"version-history":[{"count":1,"href":"https:\/\/aranykor.hu\/wellness\/wp-json\/wp\/v2\/posts\/688\/revisions"}],"predecessor-version":[{"id":689,"href":"https:\/\/aranykor.hu\/wellness\/wp-json\/wp\/v2\/posts\/688\/revisions\/689"}],"wp:featuredmedia":[{"embeddable":true,"href":"https:\/\/aranykor.hu\/wellness\/wp-json\/wp\/v2\/media\/690"}],"wp:attachment":[{"href":"https:\/\/aranykor.hu\/wellness\/wp-json\/wp\/v2\/media?parent=688"}],"wp:term":[{"taxonomy":"category","embeddable":true,"href":"https:\/\/aranykor.hu\/wellness\/wp-json\/wp\/v2\/categories?post=688"},{"taxonomy":"post_tag","embeddable":true,"href":"https:\/\/aranykor.hu\/wellness\/wp-json\/wp\/v2\/tags?post=688"}],"curies":[{"name":"wp","href":"https:\/\/api.w.org\/{rel}","templated":true}]}}